{"id":10185,"date":"2025-06-12T10:55:05","date_gmt":"2025-06-12T10:55:05","guid":{"rendered":"https:\/\/apaliceovalencia.com\/noticias\/charla-menores-y-acceso-a-la-pornografia\/"},"modified":"2025-06-12T11:03:28","modified_gmt":"2025-06-12T11:03:28","slug":"charla-menores-y-acceso-a-la-pornografia","status":"publish","type":"noticias","link":"https:\/\/apaliceovalencia.com\/fr\/informations\/charla-menores-y-acceso-a-la-pornografia\/","title":{"rendered":"Conf\u00e9rence : mineurs et acc\u00e8s \u00e0 la pornographie"},"content":{"rendered":"<p data-start=\"40\" data-end=\"256\">La commission du climat scolaire de l&rsquo;APA organise une conf\u00e9rence (en espagnol) <strong>mercredi 18 juin \u00e0 17h15 dans l\u2019Auditorium du Lyc\u00e9e<\/strong>, \u00e0 l\u2019attention des parents d\u2019\u00e9l\u00e8ves, sur le th\u00e8me : <strong data-start=\"213\" data-end=\"255\">\u00ab Mineurs et acc\u00e8s \u00e0 la pornographie \u00bb<\/strong>.<\/p>\n<p data-start=\"258\" data-end=\"294\">Les points suivants seront abord\u00e9s :<\/p>\n<ul data-start=\"296\" data-end=\"493\">\n<li data-start=\"296\" data-end=\"358\">\n<p data-start=\"298\" data-end=\"358\">Pourquoi les mineurs recherchent-ils ce type de contenus ?<\/p>\n<\/li>\n<li data-start=\"359\" data-end=\"429\">\n<p data-start=\"361\" data-end=\"429\">Quels besoins ou motivations se cachent derri\u00e8re cette recherche ?<\/p>\n<\/li>\n<li data-start=\"430\" data-end=\"493\">\n<p data-start=\"432\" data-end=\"493\">Comment pouvons-nous les aider depuis la famille et l\u2019\u00e9cole ?<\/p>\n<\/li>\n<\/ul>\n<p data-start=\"495\" data-end=\"518\">Les intervenants sont :<\/p>\n<ul data-start=\"520\" data-end=\"783\">\n<li data-start=\"520\" data-end=\"623\">\n<p data-start=\"522\" data-end=\"623\"><strong data-start=\"522\" data-end=\"547\">Juan Jos\u00e9 Azor Garc\u00eda<\/strong>, doyen du Coll\u00e8ge Officiel des Criminologues de la Communaut\u00e9 Valencienne<\/p>\n<\/li>\n<li data-start=\"624\" data-end=\"783\">\n<p data-start=\"626\" data-end=\"783\"><strong data-start=\"626\" data-end=\"653\">\u00c1ngel Jos\u00e9 Flor S\u00e1nchez<\/strong>, psychologue clinicien, expert en psychoth\u00e9rapie, sp\u00e9cialiste en psychologie l\u00e9gale et m\u00e9dico-l\u00e9gale ainsi qu\u2019en neuropsychologie<\/p>\n<\/li>\n<\/ul>\n<p data-start=\"785\" data-end=\"867\"><strong data-start=\"785\" data-end=\"867\">L\u2019inscription via <a href=\"https:\/\/forms.gle\/Kh3Ygqsunr4eEoza6\" target=\"_blank\" rel=\"noopener\">ce formulaire<\/a> est obligatoire pour assister \u00e0 la conf\u00e9rence.<\/strong><\/p>\n<p data-start=\"869\" data-end=\"917\">Deux modalit\u00e9s de participation sont possibles :<\/p>\n<ul data-start=\"919\" data-end=\"1147\" data-is-last-node=\"\" data-is-only-node=\"\">\n<li data-start=\"919\" data-end=\"1071\">\n<p data-start=\"921\" data-end=\"1071\"><strong data-start=\"921\" data-end=\"937\">Pr\u00e9sentielle<\/strong> : un service de garderie est propos\u00e9 pendant la conf\u00e9rence pour les personnes qui en feront la demande (sur inscription pr\u00e9alable).<\/p>\n<\/li>\n<li data-start=\"1072\" data-end=\"1147\" data-is-last-node=\"\">\n<p data-start=\"1074\" data-end=\"1147\" data-is-last-node=\"\"><strong data-start=\"1074\" data-end=\"1086\">En ligne<\/strong> : nombre de places limit\u00e9. Le lien sera envoy\u00e9 le jour m\u00eame.<\/p>\n<\/li>\n<\/ul>\n","protected":false},"featured_media":10183,"template":"","categories":[82],"tags":[],"class_list":["post-10185","noticias","type-noticias","status-publish","has-post-thumbnail","hentry","category-para-padres-y-madres-fr"],"acf":[],"yoast_head":"<!-- This site is optimized with the Yoast SEO plugin v27.1.1 - https:\/\/yoast.com\/product\/yoast-seo-wordpress\/ -->\n<title>Conf\u00e9rence : mineurs et acc\u00e8s \u00e0 la pornographie - APAE Liceo Franc\u00e9s Val\u00e8ncia<\/title>\n<meta name=\"robots\" content=\"index, follow, max-snippet:-1, max-image-preview:large, max-video-preview:-1\" \/>\n<link rel=\"canonical\" href=\"https:\/\/apaliceovalencia.com\/fr\/informations\/charla-menores-y-acceso-a-la-pornografia\/\" \/>\n<meta property=\"og:locale\" content=\"fr_FR\" \/>\n<meta property=\"og:type\" content=\"article\" \/>\n<meta property=\"og:title\" content=\"Conf\u00e9rence : mineurs et acc\u00e8s \u00e0 la pornographie - APAE Liceo Franc\u00e9s Val\u00e8ncia\" \/>\n<meta property=\"og:description\" content=\"La commission du climat scolaire de l&rsquo;APA organise une conf\u00e9rence (en espagnol) mercredi 18 juin \u00e0 17h15 dans l\u2019Auditorium du Lyc\u00e9e, \u00e0 l\u2019attention des parents d\u2019\u00e9l\u00e8ves, sur le th\u00e8me : [&hellip;]\" \/>\n<meta property=\"og:url\" content=\"https:\/\/apaliceovalencia.com\/fr\/informations\/charla-menores-y-acceso-a-la-pornografia\/\" \/>\n<meta property=\"og:site_name\" content=\"APAE Liceo Franc\u00e9s Val\u00e8ncia\" \/>\n<meta property=\"article:modified_time\" content=\"2025-06-12T11:03:28+00:00\" \/>\n<meta property=\"og:image\" content=\"https:\/\/apaliceovalencia.com\/wp-content\/uploads\/2025\/06\/charla-664-x-431-px.jpg\" \/>\n\t<meta property=\"og:image:width\" content=\"664\" \/>\n\t<meta property=\"og:image:height\" content=\"431\" \/>\n\t<meta property=\"og:image:type\" content=\"image\/jpeg\" \/>\n<meta name=\"twitter:card\" content=\"summary_large_image\" \/>\n<meta name=\"twitter:label1\" content=\"Dur\u00e9e de lecture estim\u00e9e\" \/>\n\t<meta name=\"twitter:data1\" content=\"1 minute\" \/>\n<script type=\"application\/ld+json\" class=\"yoast-schema-graph\">{\"@context\":\"https:\/\/schema.org\",\"@graph\":[{\"@type\":\"WebPage\",\"@id\":\"https:\/\/apaliceovalencia.com\/fr\/informations\/charla-menores-y-acceso-a-la-pornografia\/\",\"url\":\"https:\/\/apaliceovalencia.com\/fr\/informations\/charla-menores-y-acceso-a-la-pornografia\/\",\"name\":\"Conf\u00e9rence : mineurs et acc\u00e8s \u00e0 la pornographie - APAE Liceo Franc\u00e9s Val\u00e8ncia\",\"isPartOf\":{\"@id\":\"https:\/\/apaliceovalencia.com\/fr\/#website\"},\"primaryImageOfPage\":{\"@id\":\"https:\/\/apaliceovalencia.com\/fr\/informations\/charla-menores-y-acceso-a-la-pornografia\/#primaryimage\"},\"image\":{\"@id\":\"https:\/\/apaliceovalencia.com\/fr\/informations\/charla-menores-y-acceso-a-la-pornografia\/#primaryimage\"},\"thumbnailUrl\":\"https:\/\/apaliceovalencia.com\/wp-content\/uploads\/2025\/06\/charla-664-x-431-px.jpg\",\"datePublished\":\"2025-06-12T10:55:05+00:00\",\"dateModified\":\"2025-06-12T11:03:28+00:00\",\"breadcrumb\":{\"@id\":\"https:\/\/apaliceovalencia.com\/fr\/informations\/charla-menores-y-acceso-a-la-pornografia\/#breadcrumb\"},\"inLanguage\":\"fr-FR\",\"potentialAction\":[{\"@type\":\"ReadAction\",\"target\":[\"https:\/\/apaliceovalencia.com\/fr\/informations\/charla-menores-y-acceso-a-la-pornografia\/\"]}]},{\"@type\":\"ImageObject\",\"inLanguage\":\"fr-FR\",\"@id\":\"https:\/\/apaliceovalencia.com\/fr\/informations\/charla-menores-y-acceso-a-la-pornografia\/#primaryimage\",\"url\":\"https:\/\/apaliceovalencia.com\/wp-content\/uploads\/2025\/06\/charla-664-x-431-px.jpg\",\"contentUrl\":\"https:\/\/apaliceovalencia.com\/wp-content\/uploads\/2025\/06\/charla-664-x-431-px.jpg\",\"width\":664,\"height\":431},{\"@type\":\"BreadcrumbList\",\"@id\":\"https:\/\/apaliceovalencia.com\/fr\/informations\/charla-menores-y-acceso-a-la-pornografia\/#breadcrumb\",\"itemListElement\":[{\"@type\":\"ListItem\",\"position\":1,\"name\":\"Home\",\"item\":\"https:\/\/apaliceovalencia.com\/fr\/\"},{\"@type\":\"ListItem\",\"position\":2,\"name\":\"Noticias\",\"item\":\"https:\/\/apaliceovalencia.com\/fr\/informations\/\"},{\"@type\":\"ListItem\",\"position\":3,\"name\":\"Conf\u00e9rence : mineurs et acc\u00e8s \u00e0 la pornographie\"}]},{\"@type\":\"WebSite\",\"@id\":\"https:\/\/apaliceovalencia.com\/fr\/#website\",\"url\":\"https:\/\/apaliceovalencia.com\/fr\/\",\"name\":\"APAE Liceo Franc\u00e9s Val\u00e8ncia\",\"description\":\"Asocaci\u00f3n de padres de alumnos Lyc\u00e9e Fran\u00e7ais de Val\u00e8ncia\",\"potentialAction\":[{\"@type\":\"SearchAction\",\"target\":{\"@type\":\"EntryPoint\",\"urlTemplate\":\"https:\/\/apaliceovalencia.com\/fr\/?s={search_term_string}\"},\"query-input\":{\"@type\":\"PropertyValueSpecification\",\"valueRequired\":true,\"valueName\":\"search_term_string\"}}],\"inLanguage\":\"fr-FR\"}]}<\/script>\n<!-- \/ Yoast SEO plugin. -->","yoast_head_json":{"title":"Conf\u00e9rence : mineurs et acc\u00e8s \u00e0 la pornographie - APAE Liceo Franc\u00e9s Val\u00e8ncia","robots":{"index":"index","follow":"follow","max-snippet":"max-snippet:-1","max-image-preview":"max-image-preview:large","max-video-preview":"max-video-preview:-1"},"canonical":"https:\/\/apaliceovalencia.com\/fr\/informations\/charla-menores-y-acceso-a-la-pornografia\/","og_locale":"fr_FR","og_type":"article","og_title":"Conf\u00e9rence : mineurs et acc\u00e8s \u00e0 la pornographie - APAE Liceo Franc\u00e9s Val\u00e8ncia","og_description":"La commission du climat scolaire de l&rsquo;APA organise une conf\u00e9rence (en espagnol) mercredi 18 juin \u00e0 17h15 dans l\u2019Auditorium du Lyc\u00e9e, \u00e0 l\u2019attention des parents d\u2019\u00e9l\u00e8ves, sur le th\u00e8me : [&hellip;]","og_url":"https:\/\/apaliceovalencia.com\/fr\/informations\/charla-menores-y-acceso-a-la-pornografia\/","og_site_name":"APAE Liceo Franc\u00e9s Val\u00e8ncia","article_modified_time":"2025-06-12T11:03:28+00:00","og_image":[{"width":664,"height":431,"url":"https:\/\/apaliceovalencia.com\/wp-content\/uploads\/2025\/06\/charla-664-x-431-px.jpg","type":"image\/jpeg"}],"twitter_card":"summary_large_image","twitter_misc":{"Dur\u00e9e de lecture estim\u00e9e":"1 minute"},"schema":{"@context":"https:\/\/schema.org","@graph":[{"@type":"WebPage","@id":"https:\/\/apaliceovalencia.com\/fr\/informations\/charla-menores-y-acceso-a-la-pornografia\/","url":"https:\/\/apaliceovalencia.com\/fr\/informations\/charla-menores-y-acceso-a-la-pornografia\/","name":"Conf\u00e9rence : mineurs et acc\u00e8s \u00e0 la pornographie - APAE Liceo Franc\u00e9s Val\u00e8ncia","isPartOf":{"@id":"https:\/\/apaliceovalencia.com\/fr\/#website"},"primaryImageOfPage":{"@id":"https:\/\/apaliceovalencia.com\/fr\/informations\/charla-menores-y-acceso-a-la-pornografia\/#primaryimage"},"image":{"@id":"https:\/\/apaliceovalencia.com\/fr\/informations\/charla-menores-y-acceso-a-la-pornografia\/#primaryimage"},"thumbnailUrl":"https:\/\/apaliceovalencia.com\/wp-content\/uploads\/2025\/06\/charla-664-x-431-px.jpg","datePublished":"2025-06-12T10:55:05+00:00","dateModified":"2025-06-12T11:03:28+00:00","breadcrumb":{"@id":"https:\/\/apaliceovalencia.com\/fr\/informations\/charla-menores-y-acceso-a-la-pornografia\/#breadcrumb"},"inLanguage":"fr-FR","potentialAction":[{"@type":"ReadAction","target":["https:\/\/apaliceovalencia.com\/fr\/informations\/charla-menores-y-acceso-a-la-pornografia\/"]}]},{"@type":"ImageObject","inLanguage":"fr-FR","@id":"https:\/\/apaliceovalencia.com\/fr\/informations\/charla-menores-y-acceso-a-la-pornografia\/#primaryimage","url":"https:\/\/apaliceovalencia.com\/wp-content\/uploads\/2025\/06\/charla-664-x-431-px.jpg","contentUrl":"https:\/\/apaliceovalencia.com\/wp-content\/uploads\/2025\/06\/charla-664-x-431-px.jpg","width":664,"height":431},{"@type":"BreadcrumbList","@id":"https:\/\/apaliceovalencia.com\/fr\/informations\/charla-menores-y-acceso-a-la-pornografia\/#breadcrumb","itemListElement":[{"@type":"ListItem","position":1,"name":"Home","item":"https:\/\/apaliceovalencia.com\/fr\/"},{"@type":"ListItem","position":2,"name":"Noticias","item":"https:\/\/apaliceovalencia.com\/fr\/informations\/"},{"@type":"ListItem","position":3,"name":"Conf\u00e9rence : mineurs et acc\u00e8s \u00e0 la pornographie"}]},{"@type":"WebSite","@id":"https:\/\/apaliceovalencia.com\/fr\/#website","url":"https:\/\/apaliceovalencia.com\/fr\/","name":"APAE Liceo Franc\u00e9s Val\u00e8ncia","description":"Asocaci\u00f3n de padres de alumnos Lyc\u00e9e Fran\u00e7ais de Val\u00e8ncia","potentialAction":[{"@type":"SearchAction","target":{"@type":"EntryPoint","urlTemplate":"https:\/\/apaliceovalencia.com\/fr\/?s={search_term_string}"},"query-input":{"@type":"PropertyValueSpecification","valueRequired":true,"valueName":"search_term_string"}}],"inLanguage":"fr-FR"}]}},"_links":{"self":[{"href":"https:\/\/apaliceovalencia.com\/fr\/wp-json\/wp\/v2\/noticias\/10185","targetHints":{"allow":["GET"]}}],"collection":[{"href":"https:\/\/apaliceovalencia.com\/fr\/wp-json\/wp\/v2\/noticias"}],"about":[{"href":"https:\/\/apaliceovalencia.com\/fr\/wp-json\/wp\/v2\/types\/noticias"}],"wp:featuredmedia":[{"embeddable":true,"href":"https:\/\/apaliceovalencia.com\/fr\/wp-json\/wp\/v2\/media\/10183"}],"wp:attachment":[{"href":"https:\/\/apaliceovalencia.com\/fr\/wp-json\/wp\/v2\/media?parent=10185"}],"wp:term":[{"taxonomy":"category","embeddable":true,"href":"https:\/\/apaliceovalencia.com\/fr\/wp-json\/wp\/v2\/categories?post=10185"},{"taxonomy":"post_tag","embeddable":true,"href":"https:\/\/apaliceovalencia.com\/fr\/wp-json\/wp\/v2\/tags?post=10185"}],"curies":[{"name":"wp","href":"https:\/\/api.w.org\/{rel}","templated":true}]}}