{"id":11221,"date":"2025-09-16T07:47:28","date_gmt":"2025-09-16T07:47:28","guid":{"rendered":"https:\/\/apaliceovalencia.com\/?post_type=noticias&#038;p=11221"},"modified":"2025-09-16T11:06:09","modified_gmt":"2025-09-16T11:06:09","slug":"voyage-a-la-neige-2026","status":"publish","type":"noticias","link":"https:\/\/apaliceovalencia.com\/fr\/informations\/voyage-a-la-neige-2026\/","title":{"rendered":"Voyage \u00e0 la neige 2026"},"content":{"rendered":"<p data-start=\"183\" data-end=\"315\">Les <strong data-start=\"187\" data-end=\"217\">inscriptions sont ouvertes<\/strong> pour le s\u00e9jour au ski organis\u00e9 par <strong data-start=\"253\" data-end=\"265\">Transvia Viajes<\/strong> pendant la <strong data-start=\"277\" data-end=\"312\">Semaine Blanche de f\u00e9vrier 2026<\/strong>.<\/p>\n<p data-start=\"317\" data-end=\"531\">\ud83d\udcc5 <strong data-start=\"320\" data-end=\"351\">Date limite d\u2019inscription :<\/strong> jusqu\u2019au <strong data-start=\"361\" data-end=\"382\">29 septembre 2025<\/strong> ou jusqu\u2019\u00e0 \u00e9puisement des places.<br data-start=\"416\" data-end=\"419\" \/>\u26a0\ufe0f <strong data-start=\"422\" data-end=\"437\">IMPORTANT :<\/strong> Afin de garantir la bonne organisation et d\u2019\u00e9viter tout probl\u00e8me, il est indispensable de :<\/p>\n<ul data-start=\"532\" data-end=\"782\">\n<li data-start=\"532\" data-end=\"641\">\n<p data-start=\"534\" data-end=\"641\"><strong data-start=\"534\" data-end=\"588\">Inscrire vos enfants dans le niveau de classe correspondant.<\/strong> Sinon, ils pourraient perdre leur place.<\/p>\n<\/li>\n<li data-start=\"642\" data-end=\"782\">\n<p data-start=\"644\" data-end=\"782\"><strong data-start=\"644\" data-end=\"723\">Compl\u00e9ter correctement toutes les informations demand\u00e9es dans le formulaire<\/strong>, comme l\u2019exige la <strong data-start=\"742\" data-end=\"779\">loi SES du Gouvernement d\u2019Espagne<\/strong>.<\/p>\n<\/li>\n<\/ul>\n<p data-start=\"784\" data-end=\"1037\">\ud83c\udfe8 <strong data-start=\"787\" data-end=\"804\">H\u00e9bergement :<\/strong> Si des places restent disponibles dans l\u2019h\u00f4tel au pied des pistes de <strong data-start=\"874\" data-end=\"887\">Port-Ain\u00e9<\/strong>, elles seront r\u00e9attribu\u00e9es <strong data-start=\"915\" data-end=\"957\">par ordre d\u2019inscription et selon l\u2019\u00e2ge<\/strong>, en transf\u00e9rant les \u00e9l\u00e8ves de l\u2019h\u00f4tel du village \u00e0 l\u2019h\u00f4tel situ\u00e9 en altitude.<\/p>\n<p data-start=\"1039\" data-end=\"1304\">\ud83d\udcc4 <strong data-start=\"1042\" data-end=\"1072\">Informations importantes :<\/strong> Merci de lire attentivement toutes les informations concernant le s\u00e9jour avant de vous inscrire (paiements, conditions d\u2019annulation, nombre minimum de participants pour les cours de snowboard, etc.) afin d\u2019\u00e9viter tout malentendu.<\/p>\n<p data-start=\"1306\" data-end=\"1577\">\ud83d\udea8 <strong data-start=\"1309\" data-end=\"1333\">R\u00e8gles de conduite :<\/strong> Nous rappelons que les \u00e9l\u00e8ves ayant eu un mauvais comportement durant le s\u00e9jour <strong data-start=\"1414\" data-end=\"1474\">ne pourront pas participer au voyage de l\u2019ann\u00e9e suivante<\/strong>. De plus, les \u00e9l\u00e8ves <strong data-start=\"1496\" data-end=\"1574\">sanctionn\u00e9s l\u2019an pass\u00e9 ne pourront pas participer au s\u00e9jour de cette ann\u00e9e<\/strong>.<\/p>\n<p data-start=\"1579\" data-end=\"1609\">\ud83d\udd17 <strong data-start=\"1582\" data-end=\"1607\">Liens d\u2019inscription :<\/strong><\/p>\n<ul data-start=\"1502\" data-end=\"1829\">\n<li data-start=\"1502\" data-end=\"1612\">\n<p data-start=\"1504\" data-end=\"1612\">\u00c9l\u00e8ves de CM2, 6e et 5e<a class=\"decorated-link\" href=\"https:\/\/miviaje.transviaviajes.com\/trips\/liceofrances-portaine2000\" target=\"_blank\" rel=\"noopener\" data-start=\"1504\" data-end=\"1610\"> \u2013 S\u00e9jour \u00e0 Port-Ain\u00e9 2000<\/a><\/p>\n<\/li>\n<li data-start=\"1613\" data-end=\"1730\">\n<p data-start=\"1615\" data-end=\"1730\">\u00c9l\u00e8ves de 4e, 3e et 2de<a class=\"decorated-link\" href=\"https:\/\/miviaje.transviaviajes.com\/trips\/liceo-frances-condesdepallars\" target=\"_blank\" rel=\"noopener\" data-start=\"1615\" data-end=\"1728\"> \u2013 S\u00e9jour \u00e0 Condes de Pallars<\/a><\/p>\n<\/li>\n<li data-start=\"1731\" data-end=\"1829\">\n<p data-start=\"1733\" data-end=\"1829\">\u00c9l\u00e8ves de 1\u00e8re<a class=\"decorated-link\" href=\"https:\/\/miviaje.transviaviajes.com\/trips\/liceofrances-formigal-1ere\" target=\"_blank\" rel=\"noopener\" data-start=\"1733\" data-end=\"1827\"> \u2013 S\u00e9jour \u00e0 Formigal<\/a><\/p>\n<\/li>\n<\/ul>\n<p>En cas de doute, s&rsquo;adresser \u00e0 Toni Tomas:\u00a0<a class=\"mailto-link\" href=\"mailto:toni.tomas@transviaxperience.com\" target=\"_blank\" rel=\"noopener\">toni.tomas@transviaxperience.com<\/a><\/p>\n","protected":false},"featured_media":11237,"template":"","categories":[],"tags":[],"class_list":["post-11221","noticias","type-noticias","status-publish","has-post-thumbnail","hentry"],"acf":[],"yoast_head":"<!-- This site is optimized with the Yoast SEO plugin v27.1.1 - https:\/\/yoast.com\/product\/yoast-seo-wordpress\/ -->\n<title>Voyage \u00e0 la neige 2026 - APAE Liceo Franc\u00e9s Val\u00e8ncia<\/title>\n<meta name=\"robots\" content=\"index, follow, max-snippet:-1, max-image-preview:large, max-video-preview:-1\" \/>\n<link rel=\"canonical\" href=\"https:\/\/apaliceovalencia.com\/fr\/informations\/voyage-a-la-neige-2026\/\" \/>\n<meta property=\"og:locale\" content=\"fr_FR\" \/>\n<meta property=\"og:type\" content=\"article\" \/>\n<meta property=\"og:title\" content=\"Voyage \u00e0 la neige 2026 - APAE Liceo Franc\u00e9s Val\u00e8ncia\" \/>\n<meta property=\"og:description\" content=\"Les inscriptions sont ouvertes pour le s\u00e9jour au ski organis\u00e9 par Transvia Viajes pendant la Semaine Blanche de f\u00e9vrier 2026. \ud83d\udcc5 Date limite d\u2019inscription : jusqu\u2019au 29 septembre 2025 ou [&hellip;]\" \/>\n<meta property=\"og:url\" content=\"https:\/\/apaliceovalencia.com\/fr\/informations\/voyage-a-la-neige-2026\/\" \/>\n<meta property=\"og:site_name\" content=\"APAE Liceo Franc\u00e9s Val\u00e8ncia\" \/>\n<meta property=\"article:modified_time\" content=\"2025-09-16T11:06:09+00:00\" \/>\n<meta property=\"og:image\" content=\"https:\/\/apaliceovalencia.com\/wp-content\/uploads\/2025\/09\/voyage-ski-1024x683.png\" \/>\n\t<meta property=\"og:image:width\" content=\"1024\" \/>\n\t<meta property=\"og:image:height\" content=\"683\" \/>\n\t<meta property=\"og:image:type\" content=\"image\/png\" \/>\n<meta name=\"twitter:card\" content=\"summary_large_image\" \/>\n<meta name=\"twitter:label1\" content=\"Dur\u00e9e de lecture estim\u00e9e\" \/>\n\t<meta name=\"twitter:data1\" content=\"2 minutes\" \/>\n<script type=\"application\/ld+json\" class=\"yoast-schema-graph\">{\"@context\":\"https:\/\/schema.org\",\"@graph\":[{\"@type\":\"WebPage\",\"@id\":\"https:\/\/apaliceovalencia.com\/fr\/informations\/voyage-a-la-neige-2026\/\",\"url\":\"https:\/\/apaliceovalencia.com\/fr\/informations\/voyage-a-la-neige-2026\/\",\"name\":\"Voyage \u00e0 la neige 2026 - APAE Liceo Franc\u00e9s Val\u00e8ncia\",\"isPartOf\":{\"@id\":\"https:\/\/apaliceovalencia.com\/fr\/#website\"},\"primaryImageOfPage\":{\"@id\":\"https:\/\/apaliceovalencia.com\/fr\/informations\/voyage-a-la-neige-2026\/#primaryimage\"},\"image\":{\"@id\":\"https:\/\/apaliceovalencia.com\/fr\/informations\/voyage-a-la-neige-2026\/#primaryimage\"},\"thumbnailUrl\":\"https:\/\/apaliceovalencia.com\/wp-content\/uploads\/2025\/09\/voyage-ski.png\",\"datePublished\":\"2025-09-16T07:47:28+00:00\",\"dateModified\":\"2025-09-16T11:06:09+00:00\",\"breadcrumb\":{\"@id\":\"https:\/\/apaliceovalencia.com\/fr\/informations\/voyage-a-la-neige-2026\/#breadcrumb\"},\"inLanguage\":\"fr-FR\",\"potentialAction\":[{\"@type\":\"ReadAction\",\"target\":[\"https:\/\/apaliceovalencia.com\/fr\/informations\/voyage-a-la-neige-2026\/\"]}]},{\"@type\":\"ImageObject\",\"inLanguage\":\"fr-FR\",\"@id\":\"https:\/\/apaliceovalencia.com\/fr\/informations\/voyage-a-la-neige-2026\/#primaryimage\",\"url\":\"https:\/\/apaliceovalencia.com\/wp-content\/uploads\/2025\/09\/voyage-ski.png\",\"contentUrl\":\"https:\/\/apaliceovalencia.com\/wp-content\/uploads\/2025\/09\/voyage-ski.png\",\"width\":1536,\"height\":1024},{\"@type\":\"BreadcrumbList\",\"@id\":\"https:\/\/apaliceovalencia.com\/fr\/informations\/voyage-a-la-neige-2026\/#breadcrumb\",\"itemListElement\":[{\"@type\":\"ListItem\",\"position\":1,\"name\":\"Home\",\"item\":\"https:\/\/apaliceovalencia.com\/fr\/\"},{\"@type\":\"ListItem\",\"position\":2,\"name\":\"Noticias\",\"item\":\"https:\/\/apaliceovalencia.com\/fr\/informations\/\"},{\"@type\":\"ListItem\",\"position\":3,\"name\":\"Voyage \u00e0 la neige 2026\"}]},{\"@type\":\"WebSite\",\"@id\":\"https:\/\/apaliceovalencia.com\/fr\/#website\",\"url\":\"https:\/\/apaliceovalencia.com\/fr\/\",\"name\":\"APAE Liceo Franc\u00e9s Val\u00e8ncia\",\"description\":\"Asocaci\u00f3n de padres de alumnos Lyc\u00e9e Fran\u00e7ais de Val\u00e8ncia\",\"potentialAction\":[{\"@type\":\"SearchAction\",\"target\":{\"@type\":\"EntryPoint\",\"urlTemplate\":\"https:\/\/apaliceovalencia.com\/fr\/?s={search_term_string}\"},\"query-input\":{\"@type\":\"PropertyValueSpecification\",\"valueRequired\":true,\"valueName\":\"search_term_string\"}}],\"inLanguage\":\"fr-FR\"}]}<\/script>\n<!-- \/ Yoast SEO plugin. -->","yoast_head_json":{"title":"Voyage \u00e0 la neige 2026 - APAE Liceo Franc\u00e9s Val\u00e8ncia","robots":{"index":"index","follow":"follow","max-snippet":"max-snippet:-1","max-image-preview":"max-image-preview:large","max-video-preview":"max-video-preview:-1"},"canonical":"https:\/\/apaliceovalencia.com\/fr\/informations\/voyage-a-la-neige-2026\/","og_locale":"fr_FR","og_type":"article","og_title":"Voyage \u00e0 la neige 2026 - APAE Liceo Franc\u00e9s Val\u00e8ncia","og_description":"Les inscriptions sont ouvertes pour le s\u00e9jour au ski organis\u00e9 par Transvia Viajes pendant la Semaine Blanche de f\u00e9vrier 2026. \ud83d\udcc5 Date limite d\u2019inscription : jusqu\u2019au 29 septembre 2025 ou [&hellip;]","og_url":"https:\/\/apaliceovalencia.com\/fr\/informations\/voyage-a-la-neige-2026\/","og_site_name":"APAE Liceo Franc\u00e9s Val\u00e8ncia","article_modified_time":"2025-09-16T11:06:09+00:00","og_image":[{"width":1024,"height":683,"url":"https:\/\/apaliceovalencia.com\/wp-content\/uploads\/2025\/09\/voyage-ski-1024x683.png","type":"image\/png"}],"twitter_card":"summary_large_image","twitter_misc":{"Dur\u00e9e de lecture estim\u00e9e":"2 minutes"},"schema":{"@context":"https:\/\/schema.org","@graph":[{"@type":"WebPage","@id":"https:\/\/apaliceovalencia.com\/fr\/informations\/voyage-a-la-neige-2026\/","url":"https:\/\/apaliceovalencia.com\/fr\/informations\/voyage-a-la-neige-2026\/","name":"Voyage \u00e0 la neige 2026 - APAE Liceo Franc\u00e9s Val\u00e8ncia","isPartOf":{"@id":"https:\/\/apaliceovalencia.com\/fr\/#website"},"primaryImageOfPage":{"@id":"https:\/\/apaliceovalencia.com\/fr\/informations\/voyage-a-la-neige-2026\/#primaryimage"},"image":{"@id":"https:\/\/apaliceovalencia.com\/fr\/informations\/voyage-a-la-neige-2026\/#primaryimage"},"thumbnailUrl":"https:\/\/apaliceovalencia.com\/wp-content\/uploads\/2025\/09\/voyage-ski.png","datePublished":"2025-09-16T07:47:28+00:00","dateModified":"2025-09-16T11:06:09+00:00","breadcrumb":{"@id":"https:\/\/apaliceovalencia.com\/fr\/informations\/voyage-a-la-neige-2026\/#breadcrumb"},"inLanguage":"fr-FR","potentialAction":[{"@type":"ReadAction","target":["https:\/\/apaliceovalencia.com\/fr\/informations\/voyage-a-la-neige-2026\/"]}]},{"@type":"ImageObject","inLanguage":"fr-FR","@id":"https:\/\/apaliceovalencia.com\/fr\/informations\/voyage-a-la-neige-2026\/#primaryimage","url":"https:\/\/apaliceovalencia.com\/wp-content\/uploads\/2025\/09\/voyage-ski.png","contentUrl":"https:\/\/apaliceovalencia.com\/wp-content\/uploads\/2025\/09\/voyage-ski.png","width":1536,"height":1024},{"@type":"BreadcrumbList","@id":"https:\/\/apaliceovalencia.com\/fr\/informations\/voyage-a-la-neige-2026\/#breadcrumb","itemListElement":[{"@type":"ListItem","position":1,"name":"Home","item":"https:\/\/apaliceovalencia.com\/fr\/"},{"@type":"ListItem","position":2,"name":"Noticias","item":"https:\/\/apaliceovalencia.com\/fr\/informations\/"},{"@type":"ListItem","position":3,"name":"Voyage \u00e0 la neige 2026"}]},{"@type":"WebSite","@id":"https:\/\/apaliceovalencia.com\/fr\/#website","url":"https:\/\/apaliceovalencia.com\/fr\/","name":"APAE Liceo Franc\u00e9s Val\u00e8ncia","description":"Asocaci\u00f3n de padres de alumnos Lyc\u00e9e Fran\u00e7ais de Val\u00e8ncia","potentialAction":[{"@type":"SearchAction","target":{"@type":"EntryPoint","urlTemplate":"https:\/\/apaliceovalencia.com\/fr\/?s={search_term_string}"},"query-input":{"@type":"PropertyValueSpecification","valueRequired":true,"valueName":"search_term_string"}}],"inLanguage":"fr-FR"}]}},"_links":{"self":[{"href":"https:\/\/apaliceovalencia.com\/fr\/wp-json\/wp\/v2\/noticias\/11221","targetHints":{"allow":["GET"]}}],"collection":[{"href":"https:\/\/apaliceovalencia.com\/fr\/wp-json\/wp\/v2\/noticias"}],"about":[{"href":"https:\/\/apaliceovalencia.com\/fr\/wp-json\/wp\/v2\/types\/noticias"}],"wp:featuredmedia":[{"embeddable":true,"href":"https:\/\/apaliceovalencia.com\/fr\/wp-json\/wp\/v2\/media\/11237"}],"wp:attachment":[{"href":"https:\/\/apaliceovalencia.com\/fr\/wp-json\/wp\/v2\/media?parent=11221"}],"wp:term":[{"taxonomy":"category","embeddable":true,"href":"https:\/\/apaliceovalencia.com\/fr\/wp-json\/wp\/v2\/categories?post=11221"},{"taxonomy":"post_tag","embeddable":true,"href":"https:\/\/apaliceovalencia.com\/fr\/wp-json\/wp\/v2\/tags?post=11221"}],"curies":[{"name":"wp","href":"https:\/\/api.w.org\/{rel}","templated":true}]}}