{"id":5315,"date":"2025-06-18T08:35:34","date_gmt":"2025-06-18T08:35:34","guid":{"rendered":"https:\/\/apaliceovalencia.com\/noticias\/mercado-de-libros\/"},"modified":"2025-06-22T09:43:19","modified_gmt":"2025-06-22T09:43:19","slug":"bourse-aux-livres","status":"publish","type":"noticias","link":"https:\/\/apaliceovalencia.com\/fr\/informations\/bourse-aux-livres\/","title":{"rendered":"Bourse aux livres"},"content":{"rendered":"<p>En collaboration avec le Lyc\u00e9e, cette ann\u00e9e la bourse aux livres d&rsquo;occasion est \u00e0 nouveau organis\u00e9e le <strong>mercredi 25 juin<\/strong> dans la salle d&rsquo;\u00e9tude du secondaire, au Lyc\u00e9e.<\/p>\n<blockquote><p>Horaires :<br \/>\nde 12h30 \u00e0 13h30h pour le primaire<br \/>\nde 16h00 \u00e0 17h30 pour le primaire, <em>Coll\u00e8ge<\/em> et <em>Lyc\u00e9e<\/em>.<\/p><\/blockquote>\n<p>C&rsquo;est un moment pour vendre et acheter les manuels. Au pr\u00e9alable, le Lyc\u00e9e enverra les listes des manuels avec un symbole pour indiquer ceux qui peuvent \u00eatre r\u00e9utilis\u00e9s. Il est important que chaque famille v\u00e9rifie le titre et le code ISBN des livres pour qu&rsquo;il n&rsquo;y ait pas d&rsquo;erreur.<\/p>\n<p>Cette initiative est mise en place pour des raisons \u00e9cologiques : \u00e9viter de produire de nouveaux ouvrages. Dans le cadre d&rsquo;une d\u00e9marche d&rsquo;\u00e9ducation durable, on pr\u00f4ne la r\u00e9utilisation. Et aussi pour des raisons mat\u00e9rielles et financi\u00e8res: moins de place de stockage dans les maisons, un \u00e9ventuel gain \u00e9conomique avec la vente et des prix abordables \u00e0 l&rsquo;achat.<\/p>\n<p>La participation des familles non seulement aidera d&rsquo;autres parents et \u00e9l\u00e8ves, mais renforcera \u00e9galement le sens de communaut\u00e9 et coop\u00e9ration au sein de l&rsquo;\u00e9tablissement.<\/p>\n<blockquote><p>Nouveaut\u00e9 : si vous ne pouvez pas assister \u00e0 la bourse mais voulez vendre ou acheter vos livres,<\/p>\n<p>inscrivez-vous sur ce formulaire et nous vous mettrons en contact avec des acheteurs et vendeurs.<\/p><\/blockquote>\n<p><strong><a href=\"https:\/\/forms.gle\/qsxksKeFNrsktD1c6\">https:\/\/forms.gle\/qsxksKeFNrsktD1c6<\/a><\/strong><\/p>\n<p>&nbsp;<\/p>\n<p>Voici quelques recommandations pour faciliter l&rsquo;\u00e9v\u00e9nement :<\/p>\n<ul data-start=\"105\" data-end=\"513\">\n<li data-start=\"105\" data-end=\"218\">\n<p data-start=\"107\" data-end=\"218\">Apporter les livres d\u00e9j\u00e0 tri\u00e9s, v\u00e9rifier qu&rsquo;ils sont en bon \u00e9tat et peuvent \u00eatre r\u00e9utilis\u00e9s.<\/p>\n<\/li>\n<li data-start=\"219\" data-end=\"338\">\n<p data-start=\"221\" data-end=\"338\">Id\u00e9alement, coller un post-it sur chaque livre avec son prix de vente, cela permettra d&rsquo;acc\u00e9l\u00e9rer les transactions.<\/p>\n<\/li>\n<li data-start=\"339\" data-end=\"452\">\n<p data-start=\"341\" data-end=\"452\">Apporter de la monnaie, que ce soit pour les vendeurs ou les acheteurs, si vous pr\u00e9voyez de payer en esp\u00e8ces.<\/p>\n<\/li>\n<li data-start=\"453\" data-end=\"513\">\n<p data-start=\"455\" data-end=\"513\">Apporter un ou plusieurs sacs pour transporter les livres.<\/p>\n<\/li>\n<\/ul>\n","protected":false},"featured_media":5407,"template":"","categories":[73,64],"tags":[129,130],"class_list":["post-5315","noticias","type-noticias","status-publish","has-post-thumbnail","hentry","category-para-las-familias-fr","category-pour-les-familles","tag-libros-fr","tag-livres"],"acf":[],"yoast_head":"<!-- This site is optimized with the Yoast SEO plugin v27.1.1 - https:\/\/yoast.com\/product\/yoast-seo-wordpress\/ -->\n<title>Bourse aux livres - APAE Liceo Franc\u00e9s Val\u00e8ncia<\/title>\n<meta name=\"robots\" content=\"index, follow, max-snippet:-1, max-image-preview:large, max-video-preview:-1\" \/>\n<link rel=\"canonical\" href=\"https:\/\/apaliceovalencia.com\/fr\/informations\/bourse-aux-livres\/\" \/>\n<meta property=\"og:locale\" content=\"fr_FR\" \/>\n<meta property=\"og:type\" content=\"article\" \/>\n<meta property=\"og:title\" content=\"Bourse aux livres - APAE Liceo Franc\u00e9s Val\u00e8ncia\" \/>\n<meta property=\"og:description\" content=\"En collaboration avec le Lyc\u00e9e, cette ann\u00e9e la bourse aux livres d&rsquo;occasion est \u00e0 nouveau organis\u00e9e le mercredi 25 juin dans la salle d&rsquo;\u00e9tude du secondaire, au Lyc\u00e9e. Horaires : [&hellip;]\" \/>\n<meta property=\"og:url\" content=\"https:\/\/apaliceovalencia.com\/fr\/informations\/bourse-aux-livres\/\" \/>\n<meta property=\"og:site_name\" content=\"APAE Liceo Franc\u00e9s Val\u00e8ncia\" \/>\n<meta property=\"article:modified_time\" content=\"2025-06-22T09:43:19+00:00\" \/>\n<meta property=\"og:image\" content=\"https:\/\/apaliceovalencia.com\/wp-content\/uploads\/2024\/06\/bourse-aux-livres-insta-664-x-431-px.jpg\" \/>\n\t<meta property=\"og:image:width\" content=\"664\" \/>\n\t<meta property=\"og:image:height\" content=\"431\" \/>\n\t<meta property=\"og:image:type\" content=\"image\/jpeg\" \/>\n<meta name=\"twitter:card\" content=\"summary_large_image\" \/>\n<meta name=\"twitter:label1\" content=\"Dur\u00e9e de lecture estim\u00e9e\" \/>\n\t<meta name=\"twitter:data1\" content=\"2 minutes\" \/>\n<script type=\"application\/ld+json\" class=\"yoast-schema-graph\">{\"@context\":\"https:\/\/schema.org\",\"@graph\":[{\"@type\":\"WebPage\",\"@id\":\"https:\/\/apaliceovalencia.com\/fr\/informations\/bourse-aux-livres\/\",\"url\":\"https:\/\/apaliceovalencia.com\/fr\/informations\/bourse-aux-livres\/\",\"name\":\"Bourse aux livres - APAE Liceo Franc\u00e9s Val\u00e8ncia\",\"isPartOf\":{\"@id\":\"https:\/\/apaliceovalencia.com\/fr\/#website\"},\"primaryImageOfPage\":{\"@id\":\"https:\/\/apaliceovalencia.com\/fr\/informations\/bourse-aux-livres\/#primaryimage\"},\"image\":{\"@id\":\"https:\/\/apaliceovalencia.com\/fr\/informations\/bourse-aux-livres\/#primaryimage\"},\"thumbnailUrl\":\"https:\/\/apaliceovalencia.com\/wp-content\/uploads\/2024\/06\/bourse-aux-livres-insta-664-x-431-px.jpg\",\"datePublished\":\"2025-06-18T08:35:34+00:00\",\"dateModified\":\"2025-06-22T09:43:19+00:00\",\"breadcrumb\":{\"@id\":\"https:\/\/apaliceovalencia.com\/fr\/informations\/bourse-aux-livres\/#breadcrumb\"},\"inLanguage\":\"fr-FR\",\"potentialAction\":[{\"@type\":\"ReadAction\",\"target\":[\"https:\/\/apaliceovalencia.com\/fr\/informations\/bourse-aux-livres\/\"]}]},{\"@type\":\"ImageObject\",\"inLanguage\":\"fr-FR\",\"@id\":\"https:\/\/apaliceovalencia.com\/fr\/informations\/bourse-aux-livres\/#primaryimage\",\"url\":\"https:\/\/apaliceovalencia.com\/wp-content\/uploads\/2024\/06\/bourse-aux-livres-insta-664-x-431-px.jpg\",\"contentUrl\":\"https:\/\/apaliceovalencia.com\/wp-content\/uploads\/2024\/06\/bourse-aux-livres-insta-664-x-431-px.jpg\",\"width\":664,\"height\":431},{\"@type\":\"BreadcrumbList\",\"@id\":\"https:\/\/apaliceovalencia.com\/fr\/informations\/bourse-aux-livres\/#breadcrumb\",\"itemListElement\":[{\"@type\":\"ListItem\",\"position\":1,\"name\":\"Home\",\"item\":\"https:\/\/apaliceovalencia.com\/fr\/\"},{\"@type\":\"ListItem\",\"position\":2,\"name\":\"Noticias\",\"item\":\"https:\/\/apaliceovalencia.com\/fr\/informations\/\"},{\"@type\":\"ListItem\",\"position\":3,\"name\":\"Bourse aux livres\"}]},{\"@type\":\"WebSite\",\"@id\":\"https:\/\/apaliceovalencia.com\/fr\/#website\",\"url\":\"https:\/\/apaliceovalencia.com\/fr\/\",\"name\":\"APAE Liceo Franc\u00e9s Val\u00e8ncia\",\"description\":\"Asocaci\u00f3n de padres de alumnos Lyc\u00e9e Fran\u00e7ais de Val\u00e8ncia\",\"potentialAction\":[{\"@type\":\"SearchAction\",\"target\":{\"@type\":\"EntryPoint\",\"urlTemplate\":\"https:\/\/apaliceovalencia.com\/fr\/?s={search_term_string}\"},\"query-input\":{\"@type\":\"PropertyValueSpecification\",\"valueRequired\":true,\"valueName\":\"search_term_string\"}}],\"inLanguage\":\"fr-FR\"}]}<\/script>\n<!-- \/ Yoast SEO plugin. -->","yoast_head_json":{"title":"Bourse aux livres - APAE Liceo Franc\u00e9s Val\u00e8ncia","robots":{"index":"index","follow":"follow","max-snippet":"max-snippet:-1","max-image-preview":"max-image-preview:large","max-video-preview":"max-video-preview:-1"},"canonical":"https:\/\/apaliceovalencia.com\/fr\/informations\/bourse-aux-livres\/","og_locale":"fr_FR","og_type":"article","og_title":"Bourse aux livres - APAE Liceo Franc\u00e9s Val\u00e8ncia","og_description":"En collaboration avec le Lyc\u00e9e, cette ann\u00e9e la bourse aux livres d&rsquo;occasion est \u00e0 nouveau organis\u00e9e le mercredi 25 juin dans la salle d&rsquo;\u00e9tude du secondaire, au Lyc\u00e9e. Horaires : [&hellip;]","og_url":"https:\/\/apaliceovalencia.com\/fr\/informations\/bourse-aux-livres\/","og_site_name":"APAE Liceo Franc\u00e9s Val\u00e8ncia","article_modified_time":"2025-06-22T09:43:19+00:00","og_image":[{"width":664,"height":431,"url":"https:\/\/apaliceovalencia.com\/wp-content\/uploads\/2024\/06\/bourse-aux-livres-insta-664-x-431-px.jpg","type":"image\/jpeg"}],"twitter_card":"summary_large_image","twitter_misc":{"Dur\u00e9e de lecture estim\u00e9e":"2 minutes"},"schema":{"@context":"https:\/\/schema.org","@graph":[{"@type":"WebPage","@id":"https:\/\/apaliceovalencia.com\/fr\/informations\/bourse-aux-livres\/","url":"https:\/\/apaliceovalencia.com\/fr\/informations\/bourse-aux-livres\/","name":"Bourse aux livres - APAE Liceo Franc\u00e9s Val\u00e8ncia","isPartOf":{"@id":"https:\/\/apaliceovalencia.com\/fr\/#website"},"primaryImageOfPage":{"@id":"https:\/\/apaliceovalencia.com\/fr\/informations\/bourse-aux-livres\/#primaryimage"},"image":{"@id":"https:\/\/apaliceovalencia.com\/fr\/informations\/bourse-aux-livres\/#primaryimage"},"thumbnailUrl":"https:\/\/apaliceovalencia.com\/wp-content\/uploads\/2024\/06\/bourse-aux-livres-insta-664-x-431-px.jpg","datePublished":"2025-06-18T08:35:34+00:00","dateModified":"2025-06-22T09:43:19+00:00","breadcrumb":{"@id":"https:\/\/apaliceovalencia.com\/fr\/informations\/bourse-aux-livres\/#breadcrumb"},"inLanguage":"fr-FR","potentialAction":[{"@type":"ReadAction","target":["https:\/\/apaliceovalencia.com\/fr\/informations\/bourse-aux-livres\/"]}]},{"@type":"ImageObject","inLanguage":"fr-FR","@id":"https:\/\/apaliceovalencia.com\/fr\/informations\/bourse-aux-livres\/#primaryimage","url":"https:\/\/apaliceovalencia.com\/wp-content\/uploads\/2024\/06\/bourse-aux-livres-insta-664-x-431-px.jpg","contentUrl":"https:\/\/apaliceovalencia.com\/wp-content\/uploads\/2024\/06\/bourse-aux-livres-insta-664-x-431-px.jpg","width":664,"height":431},{"@type":"BreadcrumbList","@id":"https:\/\/apaliceovalencia.com\/fr\/informations\/bourse-aux-livres\/#breadcrumb","itemListElement":[{"@type":"ListItem","position":1,"name":"Home","item":"https:\/\/apaliceovalencia.com\/fr\/"},{"@type":"ListItem","position":2,"name":"Noticias","item":"https:\/\/apaliceovalencia.com\/fr\/informations\/"},{"@type":"ListItem","position":3,"name":"Bourse aux livres"}]},{"@type":"WebSite","@id":"https:\/\/apaliceovalencia.com\/fr\/#website","url":"https:\/\/apaliceovalencia.com\/fr\/","name":"APAE Liceo Franc\u00e9s Val\u00e8ncia","description":"Asocaci\u00f3n de padres de alumnos Lyc\u00e9e Fran\u00e7ais de Val\u00e8ncia","potentialAction":[{"@type":"SearchAction","target":{"@type":"EntryPoint","urlTemplate":"https:\/\/apaliceovalencia.com\/fr\/?s={search_term_string}"},"query-input":{"@type":"PropertyValueSpecification","valueRequired":true,"valueName":"search_term_string"}}],"inLanguage":"fr-FR"}]}},"_links":{"self":[{"href":"https:\/\/apaliceovalencia.com\/fr\/wp-json\/wp\/v2\/noticias\/5315","targetHints":{"allow":["GET"]}}],"collection":[{"href":"https:\/\/apaliceovalencia.com\/fr\/wp-json\/wp\/v2\/noticias"}],"about":[{"href":"https:\/\/apaliceovalencia.com\/fr\/wp-json\/wp\/v2\/types\/noticias"}],"wp:featuredmedia":[{"embeddable":true,"href":"https:\/\/apaliceovalencia.com\/fr\/wp-json\/wp\/v2\/media\/5407"}],"wp:attachment":[{"href":"https:\/\/apaliceovalencia.com\/fr\/wp-json\/wp\/v2\/media?parent=5315"}],"wp:term":[{"taxonomy":"category","embeddable":true,"href":"https:\/\/apaliceovalencia.com\/fr\/wp-json\/wp\/v2\/categories?post=5315"},{"taxonomy":"post_tag","embeddable":true,"href":"https:\/\/apaliceovalencia.com\/fr\/wp-json\/wp\/v2\/tags?post=5315"}],"curies":[{"name":"wp","href":"https:\/\/api.w.org\/{rel}","templated":true}]}}