{"id":9347,"date":"2025-03-12T10:31:19","date_gmt":"2025-03-12T10:31:19","guid":{"rendered":"https:\/\/apaliceovalencia.com\/noticias\/palma-de-honor-para-el-apae\/"},"modified":"2025-03-12T10:35:48","modified_gmt":"2025-03-12T10:35:48","slug":"palme-d-honneur-pour-l-apae","status":"publish","type":"noticias","link":"https:\/\/apaliceovalencia.com\/fr\/informations\/palme-d-honneur-pour-l-apae\/","title":{"rendered":"Palme d&rsquo;honneur pour l&rsquo;APAe"},"content":{"rendered":"<p>Les premi\u00e8res Palmes du r\u00e9seau de l&rsquo;enseignement fran\u00e7ais \u00e0 l&rsquo;\u00e9tranger (EFE) ont \u00e9t\u00e9 organis\u00e9es, sous le haut patronage du Pr\u00e9sident de la R\u00e9publique, pour faire conna\u00eetre des actions collectives remarquables conduites dans les 600 \u00e9tablissements homologu\u00e9s du r\u00e9seau.<\/p>\n<p>Pour cette premi\u00e8re \u00e9dition,\u00a0<strong>291 actions ont \u00e9t\u00e9 re\u00e7ues, 79 pays repr\u00e9sent\u00e9s et 181 \u00e9tablissements impliqu\u00e9s<\/strong>.<br \/>\nLes\u00a0<strong>21 finalistes pour les 7 palmes<\/strong>\u00a0ont \u00e9t\u00e9 pr\u00e9venus individuellement. De mani\u00e8re compl\u00e9mentaire, 5 \u00e9tablissements recevront une\u00a0<strong>Palme d&rsquo;honneur<\/strong>, selon les souhaits du jury et des parrains.<\/p>\n<p><strong>L&rsquo;Association des Parents d&rsquo;\u00e9l\u00e8ves (APAe) du Lyc\u00e9e Fran\u00e7ais de Valencia fait partie des 5 \u00e9tablissements qui ont re\u00e7u une Palme d&rsquo;honneur.<\/strong><br \/>\nCe prix est le fruit de l\u2019engagement collectif de notre communaut\u00e9.<\/p>\n<p>Un grand merci \u00e0 tous ceux qui ont contribu\u00e9 \u00e0 notre collecte solidaire ! Votre g\u00e9n\u00e9rosit\u00e9, votre solidarit\u00e9 et votre soutien font toute la diff\u00e9rence. Ensemble, nous avons prouv\u00e9 que l\u2019union fait la force et que nous pouvons accomplir de grandes choses.<\/p>\n<p>Cette Palme est avant tout des familles, car c\u2019est gr\u00e2ce \u00e0 toutes les participations que nous avons pu mener \u00e0 bien ce projet et obtenir cette reconnaissance.<\/p>\n<p><strong>La c\u00e9r\u00e9monie exceptionnelle aura lieu le 13 mars 2025 \u00e0 18h45 (heure de Paris)<\/strong>\u00a0au\u00a0<strong>Grand Amphith\u00e9\u00e2tre de la Sorbonne<\/strong>, visible aussi \u00e0 distance gr\u00e2ce \u00e0 une diffusion en direct<strong>.<\/strong><br \/>\n(Lien d&rsquo;inscription :\u00a0<a href=\"https:\/\/tracking.eduka.school\/f\/a\/7HNwnAXhBJj5g2KG-6X7Zw~~\/AAK4YxA~\/nn3W_g7q6q60Ees8N9EquP8vEnBi1a3HKTtFBTKulaAc1pK7D0NaT6PuCVAsmqf32QDXvWqbU0Fn-FIUjVryUdXysYPFTTZWlMuN86_47OvZoL2j4XTfc028JOyzZrrcMmOEejMIisyA3a0jbg80SfkXZYAg8sQBZumUncUw9M9VIepxNoFHOYAPC8EoPbcA7zi0J2LdWBNDpRjMRKjOvp4aVOvJHGPGIu0cXeEKaAVooWupktpxer-Hw4l5249DwTr2Du_lp424XprmP3Bi2GJRDLb5d2uTV8tIviA8AH8~\">https:\/\/www.reflexe-s.com\/palmes-efe\/ceremonie2025<\/a>).<\/p>\n","protected":false},"featured_media":9346,"template":"","categories":[],"tags":[],"class_list":["post-9347","noticias","type-noticias","status-publish","has-post-thumbnail","hentry"],"acf":[],"yoast_head":"<!-- This site is optimized with the Yoast SEO plugin v27.1.1 - https:\/\/yoast.com\/product\/yoast-seo-wordpress\/ -->\n<title>Palme d&#039;honneur pour l&#039;APAe - APAE Liceo Franc\u00e9s Val\u00e8ncia<\/title>\n<meta name=\"robots\" content=\"index, follow, max-snippet:-1, max-image-preview:large, max-video-preview:-1\" \/>\n<link rel=\"canonical\" href=\"https:\/\/apaliceovalencia.com\/fr\/informations\/palme-d-honneur-pour-l-apae\/\" \/>\n<meta property=\"og:locale\" content=\"fr_FR\" \/>\n<meta property=\"og:type\" content=\"article\" \/>\n<meta property=\"og:title\" content=\"Palme d&#039;honneur pour l&#039;APAe - APAE Liceo Franc\u00e9s Val\u00e8ncia\" \/>\n<meta property=\"og:description\" content=\"Les premi\u00e8res Palmes du r\u00e9seau de l&rsquo;enseignement fran\u00e7ais \u00e0 l&rsquo;\u00e9tranger (EFE) ont \u00e9t\u00e9 organis\u00e9es, sous le haut patronage du Pr\u00e9sident de la R\u00e9publique, pour faire conna\u00eetre des actions collectives remarquables [&hellip;]\" \/>\n<meta property=\"og:url\" content=\"https:\/\/apaliceovalencia.com\/fr\/informations\/palme-d-honneur-pour-l-apae\/\" \/>\n<meta property=\"og:site_name\" content=\"APAE Liceo Franc\u00e9s Val\u00e8ncia\" \/>\n<meta property=\"article:modified_time\" content=\"2025-03-12T10:35:48+00:00\" \/>\n<meta property=\"og:image\" content=\"https:\/\/apaliceovalencia.com\/wp-content\/uploads\/2025\/03\/Palmes-664-x-431-px.jpg\" \/>\n\t<meta property=\"og:image:width\" content=\"664\" \/>\n\t<meta property=\"og:image:height\" content=\"431\" \/>\n\t<meta property=\"og:image:type\" content=\"image\/jpeg\" \/>\n<meta name=\"twitter:card\" content=\"summary_large_image\" \/>\n<meta name=\"twitter:label1\" content=\"Dur\u00e9e de lecture estim\u00e9e\" \/>\n\t<meta name=\"twitter:data1\" content=\"2 minutes\" \/>\n<script type=\"application\/ld+json\" class=\"yoast-schema-graph\">{\"@context\":\"https:\/\/schema.org\",\"@graph\":[{\"@type\":\"WebPage\",\"@id\":\"https:\/\/apaliceovalencia.com\/fr\/informations\/palme-d-honneur-pour-l-apae\/\",\"url\":\"https:\/\/apaliceovalencia.com\/fr\/informations\/palme-d-honneur-pour-l-apae\/\",\"name\":\"Palme d'honneur pour l'APAe - APAE Liceo Franc\u00e9s Val\u00e8ncia\",\"isPartOf\":{\"@id\":\"https:\/\/apaliceovalencia.com\/fr\/#website\"},\"primaryImageOfPage\":{\"@id\":\"https:\/\/apaliceovalencia.com\/fr\/informations\/palme-d-honneur-pour-l-apae\/#primaryimage\"},\"image\":{\"@id\":\"https:\/\/apaliceovalencia.com\/fr\/informations\/palme-d-honneur-pour-l-apae\/#primaryimage\"},\"thumbnailUrl\":\"https:\/\/apaliceovalencia.com\/wp-content\/uploads\/2025\/03\/Palmes-664-x-431-px.jpg\",\"datePublished\":\"2025-03-12T10:31:19+00:00\",\"dateModified\":\"2025-03-12T10:35:48+00:00\",\"breadcrumb\":{\"@id\":\"https:\/\/apaliceovalencia.com\/fr\/informations\/palme-d-honneur-pour-l-apae\/#breadcrumb\"},\"inLanguage\":\"fr-FR\",\"potentialAction\":[{\"@type\":\"ReadAction\",\"target\":[\"https:\/\/apaliceovalencia.com\/fr\/informations\/palme-d-honneur-pour-l-apae\/\"]}]},{\"@type\":\"ImageObject\",\"inLanguage\":\"fr-FR\",\"@id\":\"https:\/\/apaliceovalencia.com\/fr\/informations\/palme-d-honneur-pour-l-apae\/#primaryimage\",\"url\":\"https:\/\/apaliceovalencia.com\/wp-content\/uploads\/2025\/03\/Palmes-664-x-431-px.jpg\",\"contentUrl\":\"https:\/\/apaliceovalencia.com\/wp-content\/uploads\/2025\/03\/Palmes-664-x-431-px.jpg\",\"width\":664,\"height\":431},{\"@type\":\"BreadcrumbList\",\"@id\":\"https:\/\/apaliceovalencia.com\/fr\/informations\/palme-d-honneur-pour-l-apae\/#breadcrumb\",\"itemListElement\":[{\"@type\":\"ListItem\",\"position\":1,\"name\":\"Home\",\"item\":\"https:\/\/apaliceovalencia.com\/fr\/\"},{\"@type\":\"ListItem\",\"position\":2,\"name\":\"Noticias\",\"item\":\"https:\/\/apaliceovalencia.com\/fr\/informations\/\"},{\"@type\":\"ListItem\",\"position\":3,\"name\":\"Palme d&#8217;honneur pour l&#8217;APAe\"}]},{\"@type\":\"WebSite\",\"@id\":\"https:\/\/apaliceovalencia.com\/fr\/#website\",\"url\":\"https:\/\/apaliceovalencia.com\/fr\/\",\"name\":\"APAE Liceo Franc\u00e9s Val\u00e8ncia\",\"description\":\"Asocaci\u00f3n de padres de alumnos Lyc\u00e9e Fran\u00e7ais de Val\u00e8ncia\",\"potentialAction\":[{\"@type\":\"SearchAction\",\"target\":{\"@type\":\"EntryPoint\",\"urlTemplate\":\"https:\/\/apaliceovalencia.com\/fr\/?s={search_term_string}\"},\"query-input\":{\"@type\":\"PropertyValueSpecification\",\"valueRequired\":true,\"valueName\":\"search_term_string\"}}],\"inLanguage\":\"fr-FR\"}]}<\/script>\n<!-- \/ Yoast SEO plugin. -->","yoast_head_json":{"title":"Palme d'honneur pour l'APAe - APAE Liceo Franc\u00e9s Val\u00e8ncia","robots":{"index":"index","follow":"follow","max-snippet":"max-snippet:-1","max-image-preview":"max-image-preview:large","max-video-preview":"max-video-preview:-1"},"canonical":"https:\/\/apaliceovalencia.com\/fr\/informations\/palme-d-honneur-pour-l-apae\/","og_locale":"fr_FR","og_type":"article","og_title":"Palme d'honneur pour l'APAe - APAE Liceo Franc\u00e9s Val\u00e8ncia","og_description":"Les premi\u00e8res Palmes du r\u00e9seau de l&rsquo;enseignement fran\u00e7ais \u00e0 l&rsquo;\u00e9tranger (EFE) ont \u00e9t\u00e9 organis\u00e9es, sous le haut patronage du Pr\u00e9sident de la R\u00e9publique, pour faire conna\u00eetre des actions collectives remarquables [&hellip;]","og_url":"https:\/\/apaliceovalencia.com\/fr\/informations\/palme-d-honneur-pour-l-apae\/","og_site_name":"APAE Liceo Franc\u00e9s Val\u00e8ncia","article_modified_time":"2025-03-12T10:35:48+00:00","og_image":[{"width":664,"height":431,"url":"https:\/\/apaliceovalencia.com\/wp-content\/uploads\/2025\/03\/Palmes-664-x-431-px.jpg","type":"image\/jpeg"}],"twitter_card":"summary_large_image","twitter_misc":{"Dur\u00e9e de lecture estim\u00e9e":"2 minutes"},"schema":{"@context":"https:\/\/schema.org","@graph":[{"@type":"WebPage","@id":"https:\/\/apaliceovalencia.com\/fr\/informations\/palme-d-honneur-pour-l-apae\/","url":"https:\/\/apaliceovalencia.com\/fr\/informations\/palme-d-honneur-pour-l-apae\/","name":"Palme d'honneur pour l'APAe - APAE Liceo Franc\u00e9s Val\u00e8ncia","isPartOf":{"@id":"https:\/\/apaliceovalencia.com\/fr\/#website"},"primaryImageOfPage":{"@id":"https:\/\/apaliceovalencia.com\/fr\/informations\/palme-d-honneur-pour-l-apae\/#primaryimage"},"image":{"@id":"https:\/\/apaliceovalencia.com\/fr\/informations\/palme-d-honneur-pour-l-apae\/#primaryimage"},"thumbnailUrl":"https:\/\/apaliceovalencia.com\/wp-content\/uploads\/2025\/03\/Palmes-664-x-431-px.jpg","datePublished":"2025-03-12T10:31:19+00:00","dateModified":"2025-03-12T10:35:48+00:00","breadcrumb":{"@id":"https:\/\/apaliceovalencia.com\/fr\/informations\/palme-d-honneur-pour-l-apae\/#breadcrumb"},"inLanguage":"fr-FR","potentialAction":[{"@type":"ReadAction","target":["https:\/\/apaliceovalencia.com\/fr\/informations\/palme-d-honneur-pour-l-apae\/"]}]},{"@type":"ImageObject","inLanguage":"fr-FR","@id":"https:\/\/apaliceovalencia.com\/fr\/informations\/palme-d-honneur-pour-l-apae\/#primaryimage","url":"https:\/\/apaliceovalencia.com\/wp-content\/uploads\/2025\/03\/Palmes-664-x-431-px.jpg","contentUrl":"https:\/\/apaliceovalencia.com\/wp-content\/uploads\/2025\/03\/Palmes-664-x-431-px.jpg","width":664,"height":431},{"@type":"BreadcrumbList","@id":"https:\/\/apaliceovalencia.com\/fr\/informations\/palme-d-honneur-pour-l-apae\/#breadcrumb","itemListElement":[{"@type":"ListItem","position":1,"name":"Home","item":"https:\/\/apaliceovalencia.com\/fr\/"},{"@type":"ListItem","position":2,"name":"Noticias","item":"https:\/\/apaliceovalencia.com\/fr\/informations\/"},{"@type":"ListItem","position":3,"name":"Palme d&#8217;honneur pour l&#8217;APAe"}]},{"@type":"WebSite","@id":"https:\/\/apaliceovalencia.com\/fr\/#website","url":"https:\/\/apaliceovalencia.com\/fr\/","name":"APAE Liceo Franc\u00e9s Val\u00e8ncia","description":"Asocaci\u00f3n de padres de alumnos Lyc\u00e9e Fran\u00e7ais de Val\u00e8ncia","potentialAction":[{"@type":"SearchAction","target":{"@type":"EntryPoint","urlTemplate":"https:\/\/apaliceovalencia.com\/fr\/?s={search_term_string}"},"query-input":{"@type":"PropertyValueSpecification","valueRequired":true,"valueName":"search_term_string"}}],"inLanguage":"fr-FR"}]}},"_links":{"self":[{"href":"https:\/\/apaliceovalencia.com\/fr\/wp-json\/wp\/v2\/noticias\/9347","targetHints":{"allow":["GET"]}}],"collection":[{"href":"https:\/\/apaliceovalencia.com\/fr\/wp-json\/wp\/v2\/noticias"}],"about":[{"href":"https:\/\/apaliceovalencia.com\/fr\/wp-json\/wp\/v2\/types\/noticias"}],"wp:featuredmedia":[{"embeddable":true,"href":"https:\/\/apaliceovalencia.com\/fr\/wp-json\/wp\/v2\/media\/9346"}],"wp:attachment":[{"href":"https:\/\/apaliceovalencia.com\/fr\/wp-json\/wp\/v2\/media?parent=9347"}],"wp:term":[{"taxonomy":"category","embeddable":true,"href":"https:\/\/apaliceovalencia.com\/fr\/wp-json\/wp\/v2\/categories?post=9347"},{"taxonomy":"post_tag","embeddable":true,"href":"https:\/\/apaliceovalencia.com\/fr\/wp-json\/wp\/v2\/tags?post=9347"}],"curies":[{"name":"wp","href":"https:\/\/api.w.org\/{rel}","templated":true}]}}